{"id":614,"date":"2023-05-30T14:45:02","date_gmt":"2023-05-30T12:45:02","guid":{"rendered":"https:\/\/www.damimmoelina.com\/?post_type=blog&#038;p=614"},"modified":"2025-07-21T11:25:49","modified_gmt":"2025-07-21T09:25:49","slug":"certo-e-tony-cucchiara","status":"publish","type":"blog","link":"https:\/\/www.damimmoelina.com\/en\/blog\/certo-e-tony-cucchiara\/","title":{"rendered":"Certo, e\u0300 Tony Cucchiara!"},"content":{"rendered":"","protected":false},"excerpt":{"rendered":"<p>Menotti da Mimmo? No, per pap\u00e0 era Tony Cucchiara<\/p>\n<p>Era una calda sera d\u2019estate negli anni \u201980 quando, al Ristorante Da Mimmo in Citt\u00e0 Alta, arriv\u00f2 un uomo distinto, alto, dallo sguardo magnetico. Per noi figli, nessun dubbio: era C\u00e9sar Luis Menotti, l\u2019allenatore dell\u2019Argentina campione del mondo. Per pap\u00e0, invece, era \u201cTony Cucchiara\u201d, il cantante dei musical.<\/p>\n<p>Tra battute, somiglianze e incredulit\u00e0, quella cena divent\u00f2 indimenticabile. Menotti \u2013 colto, elegante e amante della musica \u2013 scelse il nostro locale durante il suo soggiorno in Italia per gli Europei del 1980. Il suo calcio era poesia, filosofia e bellezza, proprio come la nostra cucina: semplice, autentica, piena di carattere.<\/p>\n<p>Ancora oggi, ricordiamo quella sera tra i tavoli del nostro ristorante come un piccolo esempio di incontro tra sport, cultura e ospitalit\u00e0 italiana. E forse anche un perfetto caso di \u201ctempo, spazio e inganno\u201d, come diceva El Flaco.<\/p>\n","protected":false},"featured_media":1941,"parent":0,"menu_order":0,"template":"single-blog.php","categoria":[36],"class_list":["post-614","blog","type-blog","status-publish","has-post-thumbnail","hentry","categoria-due-calci-al-pallone"],"acf":[],"yoast_head":"<!-- This site is optimized with the Yoast SEO plugin v27.5 - https:\/\/yoast.com\/product\/yoast-seo-wordpress\/ -->\n<title>Certo, e\u0300 Tony Cucchiara! - Da Mimmo e Lina<\/title>\n<meta name=\"description\" content=\"Menotti da Mimmo? No, per pap\u00e0 era Tony Cucchiara  Era una calda sera d\u2019estate negli anni \u201980 quando, al Ristorante Da Mimmo in Citt\u00e0 Alta, arriv\u00f2 un uomo distinto, alto, dallo sguardo magnetico. Per noi figli, nessun dubbio: era C\u00e9sar Luis Menotti, l\u2019allenatore dell\u2019Argentina campione del mondo. Per pap\u00e0, invece, era \u201cTony Cucchiara\u201d, il cantante dei musical.  Tra battute, somiglianze e incredulit\u00e0, quella cena divent\u00f2 indimenticabile. Menotti \u2013 colto, elegante e amante della musica \u2013 scelse il nostro locale durante il suo soggiorno in Italia per gli Europei del 1980. Il suo calcio era poesia, filosofia e bellezza, proprio come la nostra cucina: semplice, autentica, piena di carattere.  Ancora oggi, ricordiamo quella sera tra i tavoli del nostro ristorante come un piccolo esempio di incontro tra sport, cultura e ospitalit\u00e0 italiana. E forse anche un perfetto caso di \u201ctempo, spazio e inganno\u201d, come diceva El Flaco.\" \/>\n<meta name=\"robots\" content=\"index, follow, max-snippet:-1, max-image-preview:large, max-video-preview:-1\" \/>\n<link rel=\"canonical\" href=\"https:\/\/www.damimmoelina.com\/en\/blog\/certo-e-tony-cucchiara\/\" \/>\n<meta property=\"og:locale\" content=\"en_US\" \/>\n<meta property=\"og:type\" content=\"article\" \/>\n<meta property=\"og:title\" content=\"Certo, e\u0300 Tony Cucchiara! - Da Mimmo e Lina\" \/>\n<meta property=\"og:description\" content=\"Menotti da Mimmo? No, per pap\u00e0 era Tony Cucchiara  Era una calda sera d\u2019estate negli anni \u201980 quando, al Ristorante Da Mimmo in Citt\u00e0 Alta, arriv\u00f2 un uomo distinto, alto, dallo sguardo magnetico. Per noi figli, nessun dubbio: era C\u00e9sar Luis Menotti, l\u2019allenatore dell\u2019Argentina campione del mondo. Per pap\u00e0, invece, era \u201cTony Cucchiara\u201d, il cantante dei musical.  Tra battute, somiglianze e incredulit\u00e0, quella cena divent\u00f2 indimenticabile. Menotti \u2013 colto, elegante e amante della musica \u2013 scelse il nostro locale durante il suo soggiorno in Italia per gli Europei del 1980. Il suo calcio era poesia, filosofia e bellezza, proprio come la nostra cucina: semplice, autentica, piena di carattere.  Ancora oggi, ricordiamo quella sera tra i tavoli del nostro ristorante come un piccolo esempio di incontro tra sport, cultura e ospitalit\u00e0 italiana. E forse anche un perfetto caso di \u201ctempo, spazio e inganno\u201d, come diceva El Flaco.\" \/>\n<meta property=\"og:url\" content=\"https:\/\/www.damimmoelina.com\/en\/blog\/certo-e-tony-cucchiara\/\" \/>\n<meta property=\"og:site_name\" content=\"Da Mimmo e Lina\" \/>\n<meta property=\"article:publisher\" content=\"https:\/\/www.facebook.com\/ristorantemimmo\/\" \/>\n<meta property=\"article:modified_time\" content=\"2025-07-21T09:25:49+00:00\" \/>\n<meta property=\"og:image\" content=\"https:\/\/www.damimmoelina.com\/wp-content\/uploads\/2023\/05\/IMG_4323-scaled.jpeg\" \/>\n\t<meta property=\"og:image:width\" content=\"2560\" \/>\n\t<meta property=\"og:image:height\" content=\"1075\" \/>\n\t<meta property=\"og:image:type\" content=\"image\/jpeg\" \/>\n<meta name=\"twitter:card\" content=\"summary_large_image\" \/>\n<meta name=\"twitter:label1\" content=\"Est. reading time\" \/>\n\t<meta name=\"twitter:data1\" content=\"1 minute\" \/>\n<script type=\"application\/ld+json\" class=\"yoast-schema-graph\">{\"@context\":\"https:\\\/\\\/schema.org\",\"@graph\":[{\"@type\":\"WebPage\",\"@id\":\"https:\\\/\\\/www.damimmoelina.com\\\/en\\\/blog\\\/certo-e-tony-cucchiara\\\/\",\"url\":\"https:\\\/\\\/www.damimmoelina.com\\\/en\\\/blog\\\/certo-e-tony-cucchiara\\\/\",\"name\":\"Certo, e\u0300 Tony Cucchiara! - Da Mimmo e Lina\",\"isPartOf\":{\"@id\":\"https:\\\/\\\/www.damimmoelina.com\\\/en\\\/#website\"},\"primaryImageOfPage\":{\"@id\":\"https:\\\/\\\/www.damimmoelina.com\\\/en\\\/blog\\\/certo-e-tony-cucchiara\\\/#primaryimage\"},\"image\":{\"@id\":\"https:\\\/\\\/www.damimmoelina.com\\\/en\\\/blog\\\/certo-e-tony-cucchiara\\\/#primaryimage\"},\"thumbnailUrl\":\"https:\\\/\\\/www.damimmoelina.com\\\/wp-content\\\/uploads\\\/2023\\\/05\\\/IMG_4323-scaled.jpeg\",\"datePublished\":\"2023-05-30T12:45:02+00:00\",\"dateModified\":\"2025-07-21T09:25:49+00:00\",\"description\":\"Menotti da Mimmo? No, per pap\u00e0 era Tony Cucchiara Era una calda sera d\u2019estate negli anni \u201980 quando, al Ristorante Da Mimmo in Citt\u00e0 Alta, arriv\u00f2 un uomo distinto, alto, dallo sguardo magnetico. Per noi figli, nessun dubbio: era C\u00e9sar Luis Menotti, l\u2019allenatore dell\u2019Argentina campione del mondo. Per pap\u00e0, invece, era \u201cTony Cucchiara\u201d, il cantante dei musical. Tra battute, somiglianze e incredulit\u00e0, quella cena divent\u00f2 indimenticabile. Menotti \u2013 colto, elegante e amante della musica \u2013 scelse il nostro locale durante il suo soggiorno in Italia per gli Europei del 1980. Il suo calcio era poesia, filosofia e bellezza, proprio come la nostra cucina: semplice, autentica, piena di carattere. Ancora oggi, ricordiamo quella sera tra i tavoli del nostro ristorante come un piccolo esempio di incontro tra sport, cultura e ospitalit\u00e0 italiana. E forse anche un perfetto caso di \u201ctempo, spazio e inganno\u201d, come diceva El Flaco.\",\"breadcrumb\":{\"@id\":\"https:\\\/\\\/www.damimmoelina.com\\\/en\\\/blog\\\/certo-e-tony-cucchiara\\\/#breadcrumb\"},\"inLanguage\":\"en-US\",\"potentialAction\":[{\"@type\":\"ReadAction\",\"target\":[\"https:\\\/\\\/www.damimmoelina.com\\\/en\\\/blog\\\/certo-e-tony-cucchiara\\\/\"]}]},{\"@type\":\"ImageObject\",\"inLanguage\":\"en-US\",\"@id\":\"https:\\\/\\\/www.damimmoelina.com\\\/en\\\/blog\\\/certo-e-tony-cucchiara\\\/#primaryimage\",\"url\":\"https:\\\/\\\/www.damimmoelina.com\\\/wp-content\\\/uploads\\\/2023\\\/05\\\/IMG_4323-scaled.jpeg\",\"contentUrl\":\"https:\\\/\\\/www.damimmoelina.com\\\/wp-content\\\/uploads\\\/2023\\\/05\\\/IMG_4323-scaled.jpeg\",\"width\":2560,\"height\":1075},{\"@type\":\"BreadcrumbList\",\"@id\":\"https:\\\/\\\/www.damimmoelina.com\\\/en\\\/blog\\\/certo-e-tony-cucchiara\\\/#breadcrumb\",\"itemListElement\":[{\"@type\":\"ListItem\",\"position\":1,\"name\":\"Home\",\"item\":\"https:\\\/\\\/www.damimmoelina.com\\\/en\\\/\"},{\"@type\":\"ListItem\",\"position\":2,\"name\":\"Blog\",\"item\":\"https:\\\/\\\/www.damimmoelina.com\\\/en\\\/blog\\\/\"},{\"@type\":\"ListItem\",\"position\":3,\"name\":\"Certo, e\u0300 Tony Cucchiara!\"}]},{\"@type\":\"WebSite\",\"@id\":\"https:\\\/\\\/www.damimmoelina.com\\\/en\\\/#website\",\"url\":\"https:\\\/\\\/www.damimmoelina.com\\\/en\\\/\",\"name\":\"Da Mimmo e Lina\",\"description\":\"Stories of a family of restaurateurs\",\"publisher\":{\"@id\":\"https:\\\/\\\/www.damimmoelina.com\\\/en\\\/#organization\"},\"potentialAction\":[{\"@type\":\"SearchAction\",\"target\":{\"@type\":\"EntryPoint\",\"urlTemplate\":\"https:\\\/\\\/www.damimmoelina.com\\\/en\\\/?s={search_term_string}\"},\"query-input\":{\"@type\":\"PropertyValueSpecification\",\"valueRequired\":true,\"valueName\":\"search_term_string\"}}],\"inLanguage\":\"en-US\"},{\"@type\":\"Organization\",\"@id\":\"https:\\\/\\\/www.damimmoelina.com\\\/en\\\/#organization\",\"name\":\"Da Mimmo e Lina\",\"url\":\"https:\\\/\\\/www.damimmoelina.com\\\/en\\\/\",\"logo\":{\"@type\":\"ImageObject\",\"inLanguage\":\"en-US\",\"@id\":\"https:\\\/\\\/www.damimmoelina.com\\\/en\\\/#\\\/schema\\\/logo\\\/image\\\/\",\"url\":\"https:\\\/\\\/www.damimmoelina.com\\\/wp-content\\\/uploads\\\/2025\\\/01\\\/logo.svg\",\"contentUrl\":\"https:\\\/\\\/www.damimmoelina.com\\\/wp-content\\\/uploads\\\/2025\\\/01\\\/logo.svg\",\"width\":\"1920\",\"height\":\"1080\",\"caption\":\"Da Mimmo e Lina\"},\"image\":{\"@id\":\"https:\\\/\\\/www.damimmoelina.com\\\/en\\\/#\\\/schema\\\/logo\\\/image\\\/\"},\"sameAs\":[\"https:\\\/\\\/www.facebook.com\\\/ristorantemimmo\\\/\",\"https:\\\/\\\/www.instagram.com\\\/da_mimmo_bergamo_alta\\\/\"]}]}<\/script>\n<!-- \/ Yoast SEO plugin. -->","yoast_head_json":{"title":"Certo, e\u0300 Tony Cucchiara! - Da Mimmo e Lina","description":"Menotti da Mimmo? No, per pap\u00e0 era Tony Cucchiara  Era una calda sera d\u2019estate negli anni \u201980 quando, al Ristorante Da Mimmo in Citt\u00e0 Alta, arriv\u00f2 un uomo distinto, alto, dallo sguardo magnetico. Per noi figli, nessun dubbio: era C\u00e9sar Luis Menotti, l\u2019allenatore dell\u2019Argentina campione del mondo. Per pap\u00e0, invece, era \u201cTony Cucchiara\u201d, il cantante dei musical.  Tra battute, somiglianze e incredulit\u00e0, quella cena divent\u00f2 indimenticabile. Menotti \u2013 colto, elegante e amante della musica \u2013 scelse il nostro locale durante il suo soggiorno in Italia per gli Europei del 1980. Il suo calcio era poesia, filosofia e bellezza, proprio come la nostra cucina: semplice, autentica, piena di carattere.  Ancora oggi, ricordiamo quella sera tra i tavoli del nostro ristorante come un piccolo esempio di incontro tra sport, cultura e ospitalit\u00e0 italiana. E forse anche un perfetto caso di \u201ctempo, spazio e inganno\u201d, come diceva El Flaco.","robots":{"index":"index","follow":"follow","max-snippet":"max-snippet:-1","max-image-preview":"max-image-preview:large","max-video-preview":"max-video-preview:-1"},"canonical":"https:\/\/www.damimmoelina.com\/en\/blog\/certo-e-tony-cucchiara\/","og_locale":"en_US","og_type":"article","og_title":"Certo, e\u0300 Tony Cucchiara! - Da Mimmo e Lina","og_description":"Menotti da Mimmo? No, per pap\u00e0 era Tony Cucchiara  Era una calda sera d\u2019estate negli anni \u201980 quando, al Ristorante Da Mimmo in Citt\u00e0 Alta, arriv\u00f2 un uomo distinto, alto, dallo sguardo magnetico. Per noi figli, nessun dubbio: era C\u00e9sar Luis Menotti, l\u2019allenatore dell\u2019Argentina campione del mondo. Per pap\u00e0, invece, era \u201cTony Cucchiara\u201d, il cantante dei musical.  Tra battute, somiglianze e incredulit\u00e0, quella cena divent\u00f2 indimenticabile. Menotti \u2013 colto, elegante e amante della musica \u2013 scelse il nostro locale durante il suo soggiorno in Italia per gli Europei del 1980. Il suo calcio era poesia, filosofia e bellezza, proprio come la nostra cucina: semplice, autentica, piena di carattere.  Ancora oggi, ricordiamo quella sera tra i tavoli del nostro ristorante come un piccolo esempio di incontro tra sport, cultura e ospitalit\u00e0 italiana. E forse anche un perfetto caso di \u201ctempo, spazio e inganno\u201d, come diceva El Flaco.","og_url":"https:\/\/www.damimmoelina.com\/en\/blog\/certo-e-tony-cucchiara\/","og_site_name":"Da Mimmo e Lina","article_publisher":"https:\/\/www.facebook.com\/ristorantemimmo\/","article_modified_time":"2025-07-21T09:25:49+00:00","og_image":[{"width":2560,"height":1075,"url":"https:\/\/www.damimmoelina.com\/wp-content\/uploads\/2023\/05\/IMG_4323-scaled.jpeg","type":"image\/jpeg"}],"twitter_card":"summary_large_image","twitter_misc":{"Est. reading time":"1 minute"},"schema":{"@context":"https:\/\/schema.org","@graph":[{"@type":"WebPage","@id":"https:\/\/www.damimmoelina.com\/en\/blog\/certo-e-tony-cucchiara\/","url":"https:\/\/www.damimmoelina.com\/en\/blog\/certo-e-tony-cucchiara\/","name":"Certo, e\u0300 Tony Cucchiara! - Da Mimmo e Lina","isPartOf":{"@id":"https:\/\/www.damimmoelina.com\/en\/#website"},"primaryImageOfPage":{"@id":"https:\/\/www.damimmoelina.com\/en\/blog\/certo-e-tony-cucchiara\/#primaryimage"},"image":{"@id":"https:\/\/www.damimmoelina.com\/en\/blog\/certo-e-tony-cucchiara\/#primaryimage"},"thumbnailUrl":"https:\/\/www.damimmoelina.com\/wp-content\/uploads\/2023\/05\/IMG_4323-scaled.jpeg","datePublished":"2023-05-30T12:45:02+00:00","dateModified":"2025-07-21T09:25:49+00:00","description":"Menotti da Mimmo? No, per pap\u00e0 era Tony Cucchiara Era una calda sera d\u2019estate negli anni \u201980 quando, al Ristorante Da Mimmo in Citt\u00e0 Alta, arriv\u00f2 un uomo distinto, alto, dallo sguardo magnetico. Per noi figli, nessun dubbio: era C\u00e9sar Luis Menotti, l\u2019allenatore dell\u2019Argentina campione del mondo. Per pap\u00e0, invece, era \u201cTony Cucchiara\u201d, il cantante dei musical. Tra battute, somiglianze e incredulit\u00e0, quella cena divent\u00f2 indimenticabile. Menotti \u2013 colto, elegante e amante della musica \u2013 scelse il nostro locale durante il suo soggiorno in Italia per gli Europei del 1980. Il suo calcio era poesia, filosofia e bellezza, proprio come la nostra cucina: semplice, autentica, piena di carattere. Ancora oggi, ricordiamo quella sera tra i tavoli del nostro ristorante come un piccolo esempio di incontro tra sport, cultura e ospitalit\u00e0 italiana. E forse anche un perfetto caso di \u201ctempo, spazio e inganno\u201d, come diceva El Flaco.","breadcrumb":{"@id":"https:\/\/www.damimmoelina.com\/en\/blog\/certo-e-tony-cucchiara\/#breadcrumb"},"inLanguage":"en-US","potentialAction":[{"@type":"ReadAction","target":["https:\/\/www.damimmoelina.com\/en\/blog\/certo-e-tony-cucchiara\/"]}]},{"@type":"ImageObject","inLanguage":"en-US","@id":"https:\/\/www.damimmoelina.com\/en\/blog\/certo-e-tony-cucchiara\/#primaryimage","url":"https:\/\/www.damimmoelina.com\/wp-content\/uploads\/2023\/05\/IMG_4323-scaled.jpeg","contentUrl":"https:\/\/www.damimmoelina.com\/wp-content\/uploads\/2023\/05\/IMG_4323-scaled.jpeg","width":2560,"height":1075},{"@type":"BreadcrumbList","@id":"https:\/\/www.damimmoelina.com\/en\/blog\/certo-e-tony-cucchiara\/#breadcrumb","itemListElement":[{"@type":"ListItem","position":1,"name":"Home","item":"https:\/\/www.damimmoelina.com\/en\/"},{"@type":"ListItem","position":2,"name":"Blog","item":"https:\/\/www.damimmoelina.com\/en\/blog\/"},{"@type":"ListItem","position":3,"name":"Certo, e\u0300 Tony Cucchiara!"}]},{"@type":"WebSite","@id":"https:\/\/www.damimmoelina.com\/en\/#website","url":"https:\/\/www.damimmoelina.com\/en\/","name":"Da Mimmo e Lina","description":"Stories of a family of restaurateurs","publisher":{"@id":"https:\/\/www.damimmoelina.com\/en\/#organization"},"potentialAction":[{"@type":"SearchAction","target":{"@type":"EntryPoint","urlTemplate":"https:\/\/www.damimmoelina.com\/en\/?s={search_term_string}"},"query-input":{"@type":"PropertyValueSpecification","valueRequired":true,"valueName":"search_term_string"}}],"inLanguage":"en-US"},{"@type":"Organization","@id":"https:\/\/www.damimmoelina.com\/en\/#organization","name":"Da Mimmo e Lina","url":"https:\/\/www.damimmoelina.com\/en\/","logo":{"@type":"ImageObject","inLanguage":"en-US","@id":"https:\/\/www.damimmoelina.com\/en\/#\/schema\/logo\/image\/","url":"https:\/\/www.damimmoelina.com\/wp-content\/uploads\/2025\/01\/logo.svg","contentUrl":"https:\/\/www.damimmoelina.com\/wp-content\/uploads\/2025\/01\/logo.svg","width":"1920","height":"1080","caption":"Da Mimmo e Lina"},"image":{"@id":"https:\/\/www.damimmoelina.com\/en\/#\/schema\/logo\/image\/"},"sameAs":["https:\/\/www.facebook.com\/ristorantemimmo\/","https:\/\/www.instagram.com\/da_mimmo_bergamo_alta\/"]}]}},"_links":{"self":[{"href":"https:\/\/www.damimmoelina.com\/en\/wp-json\/wp\/v2\/blog\/614","targetHints":{"allow":["GET"]}}],"collection":[{"href":"https:\/\/www.damimmoelina.com\/en\/wp-json\/wp\/v2\/blog"}],"about":[{"href":"https:\/\/www.damimmoelina.com\/en\/wp-json\/wp\/v2\/types\/blog"}],"wp:featuredmedia":[{"embeddable":true,"href":"https:\/\/www.damimmoelina.com\/en\/wp-json\/wp\/v2\/media\/1941"}],"wp:attachment":[{"href":"https:\/\/www.damimmoelina.com\/en\/wp-json\/wp\/v2\/media?parent=614"}],"wp:term":[{"taxonomy":"categoria","embeddable":true,"href":"https:\/\/www.damimmoelina.com\/en\/wp-json\/wp\/v2\/categoria?post=614"}],"curies":[{"name":"wp","href":"https:\/\/api.w.org\/{rel}","templated":true}]}}